{"id":1199,"date":"2011-03-17T06:08:07","date_gmt":"2011-03-17T04:08:07","guid":{"rendered":"http:\/\/www.quisquilia.net\/nova_blog\/wordpress\/?p=1199"},"modified":"2013-01-06T23:35:14","modified_gmt":"2013-01-06T21:35:14","slug":"medien-strata-und-ethnien","status":"publish","type":"post","link":"https:\/\/www.quisquilia.net\/nova_blog\/wordpress\/medien-strata-und-ethnien-1199.html","title":{"rendered":"Medien, Strata und Ethnien"},"content":{"rendered":"<p>Die <a href=\"http:\/\/www.faz.net\/\">Online-Ausgabe<\/a> der <em>Frankfurter Allgemeinen<\/em> bezeugt in ihren Leserkommentaren immer wieder eine Rezeption weit hinaus \u00fcber das klassische, b\u00fcrgerlich-liberale Lager bis hinein ins politisch linke Milieu, zuweilen in \u00fcberraschendem Ausma\u00df. Wieweit solche Aufmerksamkeit sich dem Profil als konservativ-liberalem Blatt verdankt oder aber, <em>partim<\/em>, in Kontr\u00e4rfaszination motiviert ist, von trollig-drolligen Eintr\u00e4gen abgesehen, welche zwischen blau\u00e4ugiger Naivit\u00e4t und <a href=\"http:\/\/deu.anarchopedia.org\/Weltrevolution\">weltrevolution\u00e4rer Phrase<\/a> changieren, bietet Gelegenheit, vielf\u00e4ltig nachzusinnen \u00fcber die politische Lagebestimmung von Land und Leuten und wohin die gesellschaftliche Mitte immer rascher zu streben (und irren) scheint. Aber auch die Leserschaft anderer Periodika besticht und \u00fcberrascht immer wieder <em>nolens volens<\/em>, <em>ad bonum, ad malum<\/em>, so z.B. jene der <em>Zeit<\/em> als charakteristischem Medium des akademischen Bildungsb\u00fcrgertums:<\/p>\n<p><div id=\"attachment_1212\" style=\"width: 510px\" class=\"wp-caption alignnone\"><a href=\"http:\/\/www.quisquilia.net\/nova_blog\/wordpress\/wp-content\/uploads\/2011\/03\/wow-zeitleser.jpg\"><img aria-describedby=\"caption-attachment-1212\" loading=\"lazy\" class=\"size-full wp-image-1212\" title=\"Kommentar eines Zeitlesers\" alt=\"Kommentar eines Zeitlesers\" src=\"http:\/\/www.quisquilia.net\/nova_blog\/wordpress\/wp-content\/uploads\/2011\/03\/wow-zeitleser.jpg\"  width=\"500\" height=\"298\" \/><\/a><p id=\"caption-attachment-1212\" class=\"wp-caption-text\">Kommentar eines Zeitlesers<\/p><\/div><br \/>\n<em>(Quelle: <a href=\"http:\/\/www.zeit.de\/2011\/11\/Integration\">Integrationspolitik: Da lachen ja die T\u00fcrken<\/a>, Zeit Online vom 13.03.2011, Kommentarsektion)<\/em><\/p>\n<p>&#8230; Einstellungen dieser Art gereichen der <em>Zeit<\/em> nun nicht aber zum Adel, sondern lassen mich eher gr\u00fcbeln ob des braunen Sumpfs unter der schalen, hauchd\u00fcnnen Anmutung von Kultur und Zivilisation, die dieses Land (noch) scheiden von seiner <a href=\"http:\/\/de.wikipedia.org\/wiki\/Berliner_Antisemitismusstreit\">unr\u00fchmlichsten<\/a> <a href=\"http:\/\/www.dhm.de\/lemo\/html\/nazi\/index.html\">Vergangenheit<\/a>. Mit der Aufl\u00f6sung klassischer (Parteien-)Milieus springt Volkes Stimme immer erratischer und ungest\u00fcmer im Karree und pendelt flatterhaft ohne Lot und verbindliche Norm. Es fragt sich, wann ein Verf\u00fchrer sich dieser Schwindelbewegungen skrupul\u00f6s annimmt und aus der Pathogenese der Niedergang der zweiten Republik und Demokratie auf deutschem Boden, <em>ad finem<\/em>, eingel\u00e4utet wird.<\/p>\n","protected":false},"excerpt":{"rendered":"<p>Die Online-Ausgabe der Frankfurter Allgemeinen bezeugt in ihren Leserkommentaren immer wieder eine Rezeption weit hinaus \u00fcber das klassische, b\u00fcrgerlich-liberale Lager bis hinein ins politisch linke Milieu, zuweilen in \u00fcberraschendem Ausma\u00df. Wieweit solche Aufmerksamkeit sich dem Profil als konservativ-liberalem Blatt verdankt oder aber, partim, in Kontr\u00e4rfaszination motiviert ist, von trollig-drolligen Eintr\u00e4gen abgesehen, welche zwischen blau\u00e4ugiger Naivit\u00e4t [&hellip;]<\/p>\n","protected":false},"author":1,"featured_media":0,"comment_status":"open","ping_status":"open","sticky":false,"template":"","format":"standard","meta":[],"categories":[40,12],"tags":[44,25,27,16],"_links":{"self":[{"href":"https:\/\/www.quisquilia.net\/nova_blog\/wordpress\/wp-json\/wp\/v2\/posts\/1199"}],"collection":[{"href":"https:\/\/www.quisquilia.net\/nova_blog\/wordpress\/wp-json\/wp\/v2\/posts"}],"about":[{"href":"https:\/\/www.quisquilia.net\/nova_blog\/wordpress\/wp-json\/wp\/v2\/types\/post"}],"author":[{"embeddable":true,"href":"https:\/\/www.quisquilia.net\/nova_blog\/wordpress\/wp-json\/wp\/v2\/users\/1"}],"replies":[{"embeddable":true,"href":"https:\/\/www.quisquilia.net\/nova_blog\/wordpress\/wp-json\/wp\/v2\/comments?post=1199"}],"version-history":[{"count":16,"href":"https:\/\/www.quisquilia.net\/nova_blog\/wordpress\/wp-json\/wp\/v2\/posts\/1199\/revisions"}],"predecessor-version":[{"id":2025,"href":"https:\/\/www.quisquilia.net\/nova_blog\/wordpress\/wp-json\/wp\/v2\/posts\/1199\/revisions\/2025"}],"wp:attachment":[{"href":"https:\/\/www.quisquilia.net\/nova_blog\/wordpress\/wp-json\/wp\/v2\/media?parent=1199"}],"wp:term":[{"taxonomy":"category","embeddable":true,"href":"https:\/\/www.quisquilia.net\/nova_blog\/wordpress\/wp-json\/wp\/v2\/categories?post=1199"},{"taxonomy":"post_tag","embeddable":true,"href":"https:\/\/www.quisquilia.net\/nova_blog\/wordpress\/wp-json\/wp\/v2\/tags?post=1199"}],"curies":[{"name":"wp","href":"https:\/\/api.w.org\/{rel}","templated":true}]}}