{"id":3138,"date":"2014-01-01T02:01:19","date_gmt":"2014-01-01T00:01:19","guid":{"rendered":"http:\/\/www.quisquilia.net\/nova_blog\/wordpress\/?p=3138"},"modified":"2014-01-01T03:12:24","modified_gmt":"2014-01-01T01:12:24","slug":"ein-scheffel-salz-im-fruhling","status":"publish","type":"post","link":"https:\/\/www.quisquilia.net\/nova_blog\/wordpress\/ein-scheffel-salz-im-fruhling-3138.html","title":{"rendered":"Ein Scheffel Salz im Fr\u00fchling"},"content":{"rendered":"<p><a href=\"http:\/\/www.kath.de\/predigt\/jk\/salz.htm\">Le sel qui a perdu sa force n&#8217;est plus bon \u00e0 rien<\/a> qu&#8217;\u00e0 estre jett\u00e9 dehors, &#038; \u00e0 estre foul\u00e9 aux pieds des hommes. Ce n&#8217;est pas celuy qui souffre persecution qu&#8217;on doit regarder comme foul\u00e9 aux pieds par les hommes; mais celuy qui craignant la persecution, devient un sel qui a perdu sa force. Car pour estre foul\u00e9 aux pieds des hommes, il faut estre au dessous d&#8217;eux: &#038; celuy-l\u00e0 n&#8217;est pas au dessous d&#8217;eux, qui quoiqu&#8217;il souffre beaucoup de leur part, a pourtant le c\u0153ur to\u00fbjours attach\u00e9 au ciel. [&#8230;] Heureux l&#8217;homme qui a est\u00e9 trouv\u00e9 sans tache; qui n&#8217;a point couru apr\u00e9s l&#8217;or, &#038; qui n&#8217;a point mis son esperance en son argent &#038; en ses tresors. Qui est celuy-l\u00e0, &#038; nous le louerons: parce qu&#8217;il a fait des \u0153uvres merveilleuses pendant sa vie. <\/p>\n<p><a href=\"http:\/\/www.quisquilia.net\/nova_blog\/wordpress\/wp-content\/uploads\/2014\/01\/q_breviaire_duprintemps.jpg\"><img loading=\"lazy\" src=\"http:\/\/www.quisquilia.net\/nova_blog\/wordpress\/wp-content\/uploads\/2014\/01\/q_breviaire_duprintemps-300x247.jpg\" alt=\"q_breviaire_duprintemps\" alt=\"\" title=\"Bandtitelblatt des Breviers: Partie du printemps.\" width=\"300\" height=\"247\" class=\"alignleft size-medium wp-image-3171\" style=\"margin-right:15px;\" srcset=\"https:\/\/www.quisquilia.net\/nova_blog\/wordpress\/wp-content\/uploads\/2014\/01\/q_breviaire_duprintemps-300x247.jpg 300w, https:\/\/www.quisquilia.net\/nova_blog\/wordpress\/wp-content\/uploads\/2014\/01\/q_breviaire_duprintemps.jpg 541w\" sizes=\"(max-width: 300px) 100vw, 300px\" \/><\/a>Ergo ad n\u00edhilum valet sal infatu\u00e1tum, nisi ut mitt\u00e1tur for\u00e0s, &#038; calc\u00e9tur ab hom\u00ednibus. Non \u00edtaque calc\u00e1tur ab hom\u00ednibus, <a href=\"http:\/\/www.opendoors.de\/verfolgung\/christenverfolgung_erklaerung\/\">qui p\u00e1titur persecuti\u00f3nem<\/a>; sed qui persecuti\u00f3nem tim\u00e9ndo infatu\u00e1tur. Calc\u00e1ri enim non potest; nisi inf\u00e9rior: sed inf\u00e9rior non est, qui quamvis c\u00f3rpore multa in terra sust\u00edneat, corde tamen fixus in c\u00e6lo est. [&#8230;] Be\u00e1tus vir, <a href=\"http:\/\/www.elle.de\/fashion-model-guide-supermodels-christy-turlington-miss-tadellos-77382.html\">qui inv\u00e9ntus est sine m\u00e1cula<\/a>: &#038; qui post aurum non \u00e1biit, nec sper\u00e1vit in p\u00e9cuni\u00e6 thesauris. Quis est hic, &#038; laud\u00e1bimus eum? fecit enim mirab\u00edlia in vita sua.<\/p>\n<p>Das Salz, <a href=\"http:\/\/www.uni-heidelberg.de\/institute\/fak12\/AC\/huttner\/pdf-files\/grundvorlesung\/kapitel03.pdf\">welches seine Kraft verloren<\/a>, ist zu nichts mehr gut, als fortgeworfen zu werden &#038; mit den F\u00fc\u00dfen getreten. Nicht jener [aber], der Verfolgung erf\u00e4hrt, liegt vor den Menschen zu F\u00fc\u00dfen; als vielmehr jener, der aus Furcht vor Verfolgung zum Salz geworden und ohne Kraft. Denn es kann nicht geschunden werden zu Boden, der nicht vor die Menschen in Staub sich w\u00e4lzt, &#038; jener erste hat sich ihnen nicht unterworfen, wenn er auch viel Leid an ihnen erlitt, hat er doch sein Herz festgemacht am Himmel. [&#8230;] Gl\u00fccklich [nun] der Mann, der ohne Tadel ist; der nie nach dem Gold sich verzehrt &#038; all sein [Zutrauen und] Hoffen auf Geld &#038; Besitzt\u00fcmer gesetzt. Wer nun ist dieser, &#038; ihn wollen wir lobpreisen: denn viel Wunderbares tat er [an der Welt].<\/p>\n<p><em>ex:<br \/>\nLe Breviaire Romain, en Latin et en Fran\u00e7ois.<br \/>\nDivis\u00e9 en quatre parties. Partie du printemps.<br \/>\nA Paris, Chez Denis Thierry, Ru\u00eb S. Jacques, devant la ru\u00eb du Pl\u00e2tre, \u00e0 l&#8217;Enseigne de la Ville de Paris. 1688, p. cxviij f., cxx.<\/p>\n<p>[Deutsche \u00dcbersetzung beigef\u00fcgt vom Verfasser.]<\/em><\/p>\n","protected":false},"excerpt":{"rendered":"<p>Le sel qui a perdu sa force n&#8217;est plus bon \u00e0 rien qu&#8217;\u00e0 estre jett\u00e9 dehors, &#038; \u00e0 estre foul\u00e9 aux pieds des hommes. Ce n&#8217;est pas celuy qui souffre persecution qu&#8217;on doit regarder comme foul\u00e9 aux pieds par les hommes; mais celuy qui craignant la persecution, devient un sel qui a perdu sa force. [&hellip;]<\/p>\n","protected":false},"author":1,"featured_media":0,"comment_status":"open","ping_status":"open","sticky":false,"template":"","format":"standard","meta":[],"categories":[5,40],"tags":[4,14,22,34],"_links":{"self":[{"href":"https:\/\/www.quisquilia.net\/nova_blog\/wordpress\/wp-json\/wp\/v2\/posts\/3138"}],"collection":[{"href":"https:\/\/www.quisquilia.net\/nova_blog\/wordpress\/wp-json\/wp\/v2\/posts"}],"about":[{"href":"https:\/\/www.quisquilia.net\/nova_blog\/wordpress\/wp-json\/wp\/v2\/types\/post"}],"author":[{"embeddable":true,"href":"https:\/\/www.quisquilia.net\/nova_blog\/wordpress\/wp-json\/wp\/v2\/users\/1"}],"replies":[{"embeddable":true,"href":"https:\/\/www.quisquilia.net\/nova_blog\/wordpress\/wp-json\/wp\/v2\/comments?post=3138"}],"version-history":[{"count":32,"href":"https:\/\/www.quisquilia.net\/nova_blog\/wordpress\/wp-json\/wp\/v2\/posts\/3138\/revisions"}],"predecessor-version":[{"id":3178,"href":"https:\/\/www.quisquilia.net\/nova_blog\/wordpress\/wp-json\/wp\/v2\/posts\/3138\/revisions\/3178"}],"wp:attachment":[{"href":"https:\/\/www.quisquilia.net\/nova_blog\/wordpress\/wp-json\/wp\/v2\/media?parent=3138"}],"wp:term":[{"taxonomy":"category","embeddable":true,"href":"https:\/\/www.quisquilia.net\/nova_blog\/wordpress\/wp-json\/wp\/v2\/categories?post=3138"},{"taxonomy":"post_tag","embeddable":true,"href":"https:\/\/www.quisquilia.net\/nova_blog\/wordpress\/wp-json\/wp\/v2\/tags?post=3138"}],"curies":[{"name":"wp","href":"https:\/\/api.w.org\/{rel}","templated":true}]}}