{"id":620,"date":"2009-07-07T01:20:56","date_gmt":"2009-07-06T23:20:56","guid":{"rendered":"http:\/\/www.quisquilia.net\/nova_blog\/wordpress\/?p=620"},"modified":"2013-08-09T03:12:45","modified_gmt":"2013-08-09T01:12:45","slug":"deutschland-gedenke-deiner-toten-ii","status":"publish","type":"post","link":"https:\/\/www.quisquilia.net\/nova_blog\/wordpress\/deutschland-gedenke-deiner-toten-ii-620.html","title":{"rendered":"Deutschland, gedenke Deiner Toten II"},"content":{"rendered":"<div style=\"text-align:center\";>\n<em>Gefallen im Dienst am Land im <a href=\"http:\/\/www.nato.int\/isaf\/\">ISAF-Einsatz<\/a>, Afghanistan<\/em>\n<\/div>\n<div style=\"text-align:center\";>\n<img loading=\"lazy\" src=\"http:\/\/www.quisquilia.net\/nova_blog\/wordpress\/wp-content\/uploads\/2009\/07\/400px-isaf-logo-300x295.png\" alt=\"International Security Assistance Force (ISAF)\" title=\"International Security Assistance Force (ISAF)\" width=\"100\" height=\"100\" class=\"size-medium wp-image-649\" srcset=\"https:\/\/www.quisquilia.net\/nova_blog\/wordpress\/wp-content\/uploads\/2009\/07\/400px-isaf-logo-150x150.png 150w, https:\/\/www.quisquilia.net\/nova_blog\/wordpress\/wp-content\/uploads\/2009\/07\/400px-isaf-logo.png 400w\" sizes=\"(max-width: 100px) 100vw, 100px\" \/>\n<\/div>\n<p><em><a href=\"http:\/\/www.bmvg.de\/portal\/a\/bmvg\/kcxml\/04_Sj9SPykssy0xPLMnMz0vM0Y_QjzKLd4k3cQsESUGY5vqRMLGglFR9b31fj_zcVP0A_YLciHJHR0VFAFBC9EY!\/delta\/base64xml\/L2dJQSEvUUt3QS80SVVFLzZfRF80SjU!?yw_contentURL=%2FC1256F1200608B1B%2FW27TKAL8002INFODE%2Fcontent.jsp\">23.06.2009<\/a>: Kunduz<\/em><br \/>\nMartin Brunn (23), Hauptgefreiter, Panzergrenadierbataillon 391 (Bad Salzungen)<br \/>\n<a href=\"http:\/\/www.sc-leinefelde-1912.de\/oleg\/OlegM.php\">Oleg Meiling<\/a> (21), Hauptgefreiter, Panzergrenadierbataillon 391 (Bad Salzungen)<br \/>\n<a href=\"http:\/\/www.fsv-spremberg.de\/index.php\/component\/content\/article\/43-verein\/105-wir-trauern-um-alex\">Alexander Schleiernick<\/a> (23), Hauptgefreiter, Fallschirmj\u00e4gerbataillon 263 (Zweibr\u00fccken)<\/p>\n<p><em><a href=\"http:\/\/www.bmvg.de\/portal\/a\/bmvg\/kcxml\/04_Sj9SPykssy0xPLMnMz0vM0Y_QjzKLd4k3CnMxB8mB2CZuQCZcMCglVd_XIz83Vd9bP0C_IDei3NFRUREAtvIT9Q!!\/delta\/base64xml\/L2dJQSEvUUt3QS80SVVFLzZfRF8yVkQ3?yw_contentURL=%2FC1256F1200608B1B%2FW27RUD6W974INFODE%2Fcontent.jsp\">29.04.2009<\/a>: bei Kunduz<\/em><br \/>\n<a href=\"http:\/\/www.stuttgarter-zeitung.de\/stz\/page\/2019089_0_1203_-sergej-motz-gibt-dem-tod-in-afghanistan-ein-gesicht.html\">Sergej Motz<\/a> (21), Hauptgefreiter, J\u00e4gerbataillon 292 (Donaueschingen)<\/p>\n<p><em><a href=\"http:\/\/www.bmvg.de\/portal\/a\/bmvg\/kcxml\/04_Sj9SPykssy0xPLMnMz0vM0Y_QjzKLd4k3cQsESUGY5vqRMLGglFR9X4_83FR9b_0A_YLciHJHR0VFAAb9xM4!\/delta\/base64xml\/L2dJQSEvUUt3QS80SVVFLzZfRF80SjU!?yw_contentURL=%2FC1256F1200608B1B%2FW27KQEVB782INFODE%2Fcontent.jsp\">20.10.2008<\/a>: bei Kunduz<\/em><br \/>\n<a href=\"http:\/\/www.cicero.de\/97.php?ress_id=1&#038;item=3839\">Patrick Behlke<\/a> (25), Stabsunteroffizier, Fallschirmj\u00e4gerbataillon 263 (Zweibr\u00fccken)<br \/>\nRoman Schmidt (22), Stabsgefreiter, Fallschirmj\u00e4gerbataillon 263 (Zweibr\u00fccken)<\/p>\n<p><em><a href=\"http:\/\/www.bundeswehr.de\/fileserving\/PortalFiles\/C1256EF40036B05B\/W27JADX4547INFODE\/2008_aktuell_36.pdf?yw_repository=youatweb\">27.08.2008<\/a>: Chahar Dara bei Kunduz<\/em><br \/>\n<a href=\"http:\/\/www.faz.net\/s\/RubDDBDABB9457A437BAA85A49C26FB23A0\/Doc~E9BD7B25DA569489F820A25AB8A308BDE~ATpl~Ecommon~Scontent.html\">Michael &#8222;Mischa&#8220; Meier<\/a> (29), Hauptfeldwebel, Fallschirmj\u00e4gerbataillon 263 (Zweibr\u00fccken)<\/p>\n<p><em><a href=\"http:\/\/www.bmvg.de\/portal\/a\/bmvg\/service\/redenundinterviews\/redendesministers?yw_contentURL=\/C1256F1200608B1B\/W27WMGVG644INFODE\/content.jsp\">06.08.2008<\/a>: s\u00fcdlich von Kunduz<\/em><br \/>\nPatric Sauer (24), Stabsgefreiter, Fallschirmj\u00e4gerbataillon 263  (Zweibr\u00fccken)<\/p>\n<p><em><a href=\"http:\/\/www.bmi.bund.de\/cln_144\/SharedDocs\/Reden\/DE\/2007\/08\/bm_totenfeier_polizisten_afghanistan.html\">15.08.2007<\/a>: bei Kabul, Richtung Dschalalabad<\/em><br \/>\n<a href=\"http:\/\/www.odmp.info\/mod\/polizei\/index.php?site=details&#038;id=336\">Mario Keller<\/a> (39), Polizeiobermeister, GSG 9 der Bundespolizei (Sankt Augustin)<br \/>\n<a href=\"http:\/\/www.nn-online.de\/artikel.asp?art=688091&#038;kat=120\">J\u00f6rg Ringel<\/a> (31), Kriminaloberkommissar, Bundeskriminalamt (Wiesbaden)<br \/>\n<a href=\"http:\/\/www.odmp.info\/mod\/polizei\/index.php?site=details&#038;id=337\">Alexander Stoffels<\/a> (39), Polizeiobermeister, GSG 9 der Bundespolizei (Sankt Augustin)<\/p>\n<p><em><a href=\"http:\/\/www.bmvg.de\/portal\/a\/bmvg\/kcxml\/04_Sj9SPykssy0xPLMnMz0vM0Y_QjzKLd4k38TIFSYGZbub6kTCxoJRUfV-P_NxUfW_9AP2C3IhyR0dFRQCPhQMw\/delta\/base64xml\/L2dJQSEvUUt3QS80SVVFLzZfRF80SjU!?yw_contentURL=%2FC1256F1200608B1B%2FW273HCVR102INFODE%2Fcontent.jsp\">19.05.2007<\/a>: Kunduz<\/em><br \/>\n<a href=\"http:\/\/www.luftwaffe.de\/portal\/a\/luftwaffe\/kcxml\/04_Sj9SPykssy0xPLMnMz0vM0Y_QjzKLN48PMALJgFmG-pFQkaCUVH1vfV-P_NxU_QD9gtyIckdHRUUAnQw9rg!!\/delta\/base64xml\/L2dJQSEvUUt3QS80SVVFLzZfN19QMg!!?yw_contentURL=%2F01DB060000000001%2FW273G8MC351INFODE%2Fcontent.jsp\">Michael Diebel<\/a> (28), Hauptfeldwebel d. R., Bundeswehrdienstleistungszentrum \/ Materialdepot (Darmstadt)<br \/>\n<a href=\"http:\/\/www.welt.de\/politik\/article892341\/Deutschland_trauert_um_gefallene_Soldaten.html\">Michael Neumann<\/a> (48), Oberfeldwebel d. R., Marinearsenal (Kiel)<br \/>\nMatthias Standfu\u00df (31), Hauptmann d. R., <a href=\"http:\/\/de.wikipedia.org\/wiki\/Territoriale_Wehrverwaltung\">Bundesamt f\u00fcr Wehrverwaltung<\/a> (Bonn)<\/p>\n<p><em>14.11.2005: Kabul<\/em><br \/>\n<a href=\"http:\/\/www.welt.de\/print-welt\/article180694\/Tod_in_Afghanistan.html\">Armin Franz<\/a> (44), Oberstleutnant d. R., Feldersatzbataillon 901 (K\u00f6ln)<\/p>\n<p><em>25.06.2005: Rustak<\/em><br \/>\nAndreas Heine (37), Hauptfeldwebel, PRT Kunduz (Bad Oeynhausen \/ Ehra-Lessien)<br \/>\n<a href=\"http:\/\/www.frauzufrau-online.at\/schock_und_trauer.pdf\">Christian Schlotterhose<\/a> (26), Oberfeldwebel , <a href=\"http:\/\/www.wesendorf.de\/staticsite\/staticsite.php?menuid=370&#038;topmenu=370\">Panzergrenadierbataillon 332<\/a> (Wesendorf)<\/p>\n<p><em><a href=\"http:\/\/www.bmvg.de\/portal\/a\/bmvg\/kcxml\/04_Sj9SPykssy0xPLMnMz0vM0Y_QjzKLd4k38TIGSYGZbub6kTCxoJRUfV-P_NxUfW_9AP2C3IhyR0dFRQCTRs58\/delta\/base64xml\/L2dJQSEvUUt3QS80SVVFLzZfRF80SjM!?yw_contentURL=%2FC1256F1200608B1B%2FN264X9BV111MMISDE%2Fcontent.jsp\">07.06.2003<\/a>: Kabul<\/em><br \/>\nJ\u00f6rg Baasch (25), Stabsunteroffizier, Fernmeldeaufkl\u00e4rungsregiment 940 (Daun)<br \/>\n<a href=\"http:\/\/almostadiary.de\/germany\/german-society\/heres-to-the-dead-and\/\">Andreas Beljo<\/a> (28), Oberf\u00e4hnrich, Fernmeldeaufkl\u00e4rungsregiment 940 (Daun)<br \/>\n<a href=\"http:\/\/wissen.spiegel.de\/wissen\/image\/show.html?did=57457845&#038;aref=image037\/2008\/06\/16\/ROSP200802501020106.PDF&#038;thumb=false\">Helmi Jimeniz-Paradis<\/a> (29), Feldwebel, Fernmeldeaufkl\u00e4rungsregiment 320 (Frankenberg)<br \/>\nCarsten K\u00fchlmorgen (32), Oberfeldwebel, Fernmeldeaufkl\u00e4rungsregiment 320 (Frankenberg)<\/p>\n<p><em>29.05.2003: bei Kabul, nahe Khairabad<\/em><br \/>\nStefan Kamins (24), Stabsgefreiter, Amt f\u00fcr milit\u00e4risches Geowesen \/ Geoinformationswesen  (Euskirchen)<\/p>\n<div style=\"text-align:center\";>\n<img loading=\"lazy\" src=\"http:\/\/www.quisquilia.net\/nova_blog\/wordpress\/wp-content\/uploads\/2009\/07\/400px-isaf-logo-300x295.png\" alt=\"Komak aw Hamkari: Help and Cooperation\" title=\"Komak aw Hamkari: Help and Cooperation\" width=\"100\" height=\"100\" class=\"size-medium wp-image-649\" srcset=\"https:\/\/www.quisquilia.net\/nova_blog\/wordpress\/wp-content\/uploads\/2009\/07\/400px-isaf-logo-150x150.png 150w, https:\/\/www.quisquilia.net\/nova_blog\/wordpress\/wp-content\/uploads\/2009\/07\/400px-isaf-logo.png 400w\" sizes=\"(max-width: 100px) 100vw, 100px\" \/>\n<\/div>\n<div style=\"text-align:center\";>\n<em>Es sind jene 22 Soldaten aufgelistet, die in ihrem Einsatz durch feindliche Kr\u00e4fte get\u00f6tet wurden.<br \/>\n(Stand: 12.01.2010)<\/p>\n<p>Eine (wenn auch unvollst\u00e4ndige)  \u00dcbersicht \u00fcber alle Soldaten, die in Afghanistan ihr Leben verloren, sowie Verwundete und die Angriffe auf die Bundeswehr findet sich hier <a href=\"http:\/\/de.wikipedia.org\/wiki\/Zwischenf\u00e4lle_der_Bundeswehr_w\u00e4hrend_ISAF\">auf Deutsch<\/a> und <a href=\"http:\/\/en.wikipedia.org\/wiki\/German_Armed_Forces_casualties_in_Afghanistan\">auf Englisch<\/a>.<\/em>\n<\/div>\n","protected":false},"excerpt":{"rendered":"<p>Gefallen im Dienst am Land im ISAF-Einsatz, Afghanistan 23.06.2009: Kunduz Martin Brunn (23), Hauptgefreiter, Panzergrenadierbataillon 391 (Bad Salzungen) Oleg Meiling (21), Hauptgefreiter, Panzergrenadierbataillon 391 (Bad Salzungen) Alexander Schleiernick (23), Hauptgefreiter, Fallschirmj\u00e4gerbataillon 263 (Zweibr\u00fccken) 29.04.2009: bei Kunduz Sergej Motz (21), Hauptgefreiter, J\u00e4gerbataillon 292 (Donaueschingen) 20.10.2008: bei Kunduz Patrick Behlke (25), Stabsunteroffizier, Fallschirmj\u00e4gerbataillon 263 (Zweibr\u00fccken) Roman Schmidt [&hellip;]<\/p>\n","protected":false},"author":1,"featured_media":0,"comment_status":"closed","ping_status":"open","sticky":false,"template":"","format":"standard","meta":[],"categories":[12],"tags":[44,27,16],"_links":{"self":[{"href":"https:\/\/www.quisquilia.net\/nova_blog\/wordpress\/wp-json\/wp\/v2\/posts\/620"}],"collection":[{"href":"https:\/\/www.quisquilia.net\/nova_blog\/wordpress\/wp-json\/wp\/v2\/posts"}],"about":[{"href":"https:\/\/www.quisquilia.net\/nova_blog\/wordpress\/wp-json\/wp\/v2\/types\/post"}],"author":[{"embeddable":true,"href":"https:\/\/www.quisquilia.net\/nova_blog\/wordpress\/wp-json\/wp\/v2\/users\/1"}],"replies":[{"embeddable":true,"href":"https:\/\/www.quisquilia.net\/nova_blog\/wordpress\/wp-json\/wp\/v2\/comments?post=620"}],"version-history":[{"count":50,"href":"https:\/\/www.quisquilia.net\/nova_blog\/wordpress\/wp-json\/wp\/v2\/posts\/620\/revisions"}],"predecessor-version":[{"id":2540,"href":"https:\/\/www.quisquilia.net\/nova_blog\/wordpress\/wp-json\/wp\/v2\/posts\/620\/revisions\/2540"}],"wp:attachment":[{"href":"https:\/\/www.quisquilia.net\/nova_blog\/wordpress\/wp-json\/wp\/v2\/media?parent=620"}],"wp:term":[{"taxonomy":"category","embeddable":true,"href":"https:\/\/www.quisquilia.net\/nova_blog\/wordpress\/wp-json\/wp\/v2\/categories?post=620"},{"taxonomy":"post_tag","embeddable":true,"href":"https:\/\/www.quisquilia.net\/nova_blog\/wordpress\/wp-json\/wp\/v2\/tags?post=620"}],"curies":[{"name":"wp","href":"https:\/\/api.w.org\/{rel}","templated":true}]}}